{"id":6369,"date":"2026-04-22T09:12:17","date_gmt":"2026-04-22T07:12:17","guid":{"rendered":"https:\/\/mooden.cz\/?p=6369"},"modified":"2026-04-22T09:12:17","modified_gmt":"2026-04-22T07:12:17","slug":"investment-in-interior-design-as-part-of-corporate-strategy-2-3-2-2-3","status":"publish","type":"post","link":"https:\/\/mooden.cz\/en\/investment-in-interior-design-as-part-of-corporate-strategy-2-3-2-2-3\/","title":{"rendered":"Investment in Interior Design as Part of Corporate Strategy"},"content":{"rendered":"\n<p class=\"has-perex-font-size\" class=\"wp-block-paragraph\">Mal\u00fd byt b\u00fdv\u00e1 \u010dasto vn\u00edman\u00fd jako omezen\u00ed. M\u00e9n\u011b prostoru, m\u00e9n\u011b mo\u017enost\u00ed, v\u00edce kompromis\u016f. Ve skute\u010dnosti je to ale p\u0159esn\u011b naopak. \u010c\u00edm men\u0161\u00ed prostor, t\u00edm v\u011bt\u0161\u00ed n\u00e1roky na kvalitu n\u00e1vrhu. Dob\u0159e navr\u017een\u00fd mal\u00fd byt m\u016f\u017ee fungovat l\u00e9pe ne\u017e velk\u00fd interi\u00e9r bez jasn\u00e9 koncepce. Rozd\u00edl nen\u00ed v metrech \u010dtvere\u010dn\u00edch, ale v tom, jak se s nimi pracuje.<\/p>\n\n<h2 class=\"wp-block-heading\" style=\"padding-top:var(--wp--preset--spacing--50);padding-right:0;padding-bottom:var(--wp--preset--spacing--20)\"><strong>Probl\u00e9mem nen\u00ed velikost, ale dispozice<\/strong><\/h2>\n\n<p class=\"wp-block-paragraph\">V\u011bt\u0161ina mal\u00fdch byt\u016f nar\u00e1\u017e\u00ed na stejn\u00e9 limity \u2013 nedostatek \u00falo\u017en\u00e9ho prostoru, komplikovan\u00e9 proporce nebo snaha vm\u011bstnat do jednoho prostoru p\u0159\u00edli\u0161 mnoho funkc\u00ed. <strong>\u0158e\u0161en\u00ed ale neza\u010d\u00edn\u00e1 u n\u00e1bytku. Za\u010d\u00edn\u00e1 u dispozice.<\/strong><\/p>\n\n<p class=\"wp-block-paragraph\">Je pot\u0159eba si ujasnit, <strong>co se v byt\u011b v\u0161echno odehr\u00e1v\u00e1<\/strong>. Jak vypad\u00e1 jeho ka\u017edodenn\u00ed \u017eivot a jak\u00e9 \u010dinnosti se v prostoru st\u0159\u00eddaj\u00ed? P\u0159ijdete na to, \u017ee n\u011bkter\u00e9 v\u011bci je dobr\u00e9 m\u00edt po ruce, zat\u00edmco jin\u00e9 by mohly z\u016fstat skryt\u00e9. Jakmile si odpov\u00edte na v\u0161echny pot\u0159ebn\u00e9 ot\u00e1zky, teprve potom d\u00e1v\u00e1 smysl navrhovat konkr\u00e9tn\u00ed \u0159e\u0161en\u00ed.<\/p>\n\n<figure class=\"wp-block-gallery has-nested-images columns-default is-cropped wp-block-gallery-1 is-layout-flex wp-block-gallery-is-layout-flex\">\n<figure class=\"wp-block-image size-large\"><img loading=\"lazy\" decoding=\"async\" width=\"1500\" height=\"1059\" data-id=\"6155\" src=\"https:\/\/mooden.cz\/wp-content\/uploads\/2026\/03\/74572541_777246672734071_1678603597304037376_o-1500x1059.jpg\" alt=\"\" class=\"wp-image-6155\" srcset=\"https:\/\/mooden.cz\/wp-content\/uploads\/2026\/03\/74572541_777246672734071_1678603597304037376_o-1500x1059.jpg 1500w, https:\/\/mooden.cz\/wp-content\/uploads\/2026\/03\/74572541_777246672734071_1678603597304037376_o-750x530.jpg 750w, https:\/\/mooden.cz\/wp-content\/uploads\/2026\/03\/74572541_777246672734071_1678603597304037376_o-768x542.jpg 768w, https:\/\/mooden.cz\/wp-content\/uploads\/2026\/03\/74572541_777246672734071_1678603597304037376_o-1536x1085.jpg 1536w, https:\/\/mooden.cz\/wp-content\/uploads\/2026\/03\/74572541_777246672734071_1678603597304037376_o-500x353.jpg 500w, https:\/\/mooden.cz\/wp-content\/uploads\/2026\/03\/74572541_777246672734071_1678603597304037376_o.jpg 1688w\" sizes=\"auto, (max-width: 1500px) 100vw, 1500px\" \/><\/figure>\n\n\n\n<figure class=\"wp-block-image size-large\"><img loading=\"lazy\" decoding=\"async\" width=\"1500\" height=\"1068\" data-id=\"6156\" src=\"https:\/\/mooden.cz\/wp-content\/uploads\/2026\/03\/74701628_777246756067396_2573651103635734528_o1-1500x1068.jpg\" alt=\"\" class=\"wp-image-6156\" srcset=\"https:\/\/mooden.cz\/wp-content\/uploads\/2026\/03\/74701628_777246756067396_2573651103635734528_o1-1500x1068.jpg 1500w, https:\/\/mooden.cz\/wp-content\/uploads\/2026\/03\/74701628_777246756067396_2573651103635734528_o1-750x534.jpg 750w, https:\/\/mooden.cz\/wp-content\/uploads\/2026\/03\/74701628_777246756067396_2573651103635734528_o1-768x547.jpg 768w, https:\/\/mooden.cz\/wp-content\/uploads\/2026\/03\/74701628_777246756067396_2573651103635734528_o1-1536x1093.jpg 1536w, https:\/\/mooden.cz\/wp-content\/uploads\/2026\/03\/74701628_777246756067396_2573651103635734528_o1-500x356.jpg 500w, https:\/\/mooden.cz\/wp-content\/uploads\/2026\/03\/74701628_777246756067396_2573651103635734528_o1.jpg 1686w\" sizes=\"auto, (max-width: 1500px) 100vw, 1500px\" \/><\/figure>\n<\/figure>\n\n<p class=\"wp-block-paragraph\"><em>Interi\u00e9r multifunk\u010dn\u00edho pokoje s kuchy\u0148sk\u00fdm a ob\u00fdvac\u00edm koutem a lo\u017enic\u00ed na 17 m\u00b2. <a href=\"https:\/\/mooden.cz\/reference\/multifunkcni-pokoj-17-m2\/\">Pod\u00edvejte se na cel\u00fd n\u00e1vrh.<\/a> <\/em><\/p>\n\n<h2 class=\"wp-block-heading\" style=\"padding-top:var(--wp--preset--spacing--50);padding-bottom:var(--wp--preset--spacing--20)\"><strong>Jedno m\u00edsto, v\u00edce funkc\u00ed<\/strong><\/h2>\n\n<p class=\"wp-block-paragraph\">Mal\u00fd byt t\u00e9m\u011b\u0159 v\u017edy znamen\u00e1, \u017ee <strong>jeden prostor pln\u00ed v\u00edce rol\u00ed<\/strong> \u2013 ob\u00fdvac\u00ed pokoj se tak p\u0159irozen\u011b st\u00e1v\u00e1 i pracovnou, j\u00eddelnou nebo lo\u017enic\u00ed. Kl\u00ed\u010dem ale nen\u00ed tyto funkce striktn\u011b odd\u011blovat, ale naopak je smyslupln\u011b propojit. <br\/><\/p>\n\n<p class=\"wp-block-paragraph\">Dob\u0159e navr\u017een\u00fd prostor vyu\u017e\u00edv\u00e1 n\u00e1bytek jako p\u0159irozen\u00fd n\u00e1stroj pro vymezen\u00ed jednotliv\u00fdch z\u00f3n, pracuje s vizu\u00e1ln\u00ed kontinuitou, aby nep\u016fsobil rozt\u0159\u00ed\u0161t\u011bn\u011b, a z\u00e1rove\u0148 umo\u017e\u0148uje rychlou prom\u011bnu podle aktu\u00e1ln\u00ed pot\u0159eby \u2013 nap\u0159\u00edklad z pracovn\u00edho m\u00edsta na odpo\u010dinkovou z\u00f3nu. D\u016fle\u017eit\u00e9 je, aby <strong>ka\u017ed\u00e1 funkce m\u011bla sv\u00e9 jasn\u00e9 m\u00edsto, i kdy\u017e sd\u00edl\u00ed jeden spole\u010dn\u00fd prostor.<\/strong><\/p>\n\n<h2 class=\"wp-block-heading\" style=\"padding-top:var(--wp--preset--spacing--50);padding-bottom:var(--wp--preset--spacing--20)\"><strong>Mal\u00fd byt a potenci\u00e1l \u00falo\u017en\u00fdch prostor <\/strong><\/h2>\n\n<p class=\"wp-block-paragraph\">V mal\u00e9m byt\u011b hraje \u00falo\u017en\u00fd prostor z\u00e1sadn\u00ed roli \u2013 ne jako dopln\u011bk, ale jako <strong>jeden z kl\u00ed\u010dov\u00fdch stavebn\u00edch prvk\u016f cel\u00e9ho interi\u00e9ru<\/strong>. Pr\u00e1v\u011b zp\u016fsob, jak\u00fdm jsou v\u011bci ulo\u017een\u00e9, toti\u017e p\u0159\u00edmo ovliv\u0148uje, jestli prostor p\u016fsob\u00ed klidn\u011b a p\u0159ehledn\u011b, nebo naopak zahlcen\u011b. M\u00edsto jednotliv\u00fdch solit\u00e9rn\u00edch sk\u0159\u00edn\u00ed proto <strong>d\u00e1v\u00e1 v\u011bt\u0161\u00ed smysl pracovat s integrovan\u00fdmi vestavbami <\/strong>a n\u00e1bytkem na m\u00edru, kter\u00fd dok\u00e1\u017ee vyu\u017e\u00edt ka\u017ed\u00fd centimetr a p\u0159irozen\u011b splynout s prostorem. <\/p>\n\n<p class=\"wp-block-paragraph\">D\u016fle\u017eit\u00e1 je tak\u00e9 <strong>kombinace skryt\u00fdch a otev\u0159en\u00fdch \u00falo\u017en\u00fdch m\u00edst<\/strong> \u2013 zat\u00edmco uzav\u0159en\u00e9 \u010d\u00e1sti pom\u00e1haj\u00ed udr\u017eet vizu\u00e1ln\u00ed \u010distotu, otev\u0159en\u00e9 police d\u00e1vaj\u00ed prostor osobn\u00edm v\u011bcem a dod\u00e1vaj\u00ed interi\u00e9ru charakter. Promy\u0161len\u00e9 \u00falo\u017en\u00e9 \u0159e\u0161en\u00ed nav\u00edc \u010dasto pln\u00ed v\u00edce funkc\u00ed najednou \u2013 m\u016f\u017ee odd\u011blovat jednotliv\u00e9 z\u00f3ny, navazovat na architekturu prostoru nebo skr\u00fdvat technick\u00e9 prvky, kter\u00e9 by jinak p\u016fsobily ru\u0161iv\u011b. V\u00fdsledkem je<strong> interi\u00e9r, kter\u00fd nep\u016fsob\u00ed men\u0161\u00ed, ale naopak klidn\u011bj\u0161\u00ed a l\u00e9pe organizovan\u00fd.<\/strong><\/p>\n\n<figure class=\"wp-block-gallery has-nested-images columns-default is-cropped wp-block-gallery-2 is-layout-flex wp-block-gallery-is-layout-flex\">\n<figure class=\"wp-block-image size-large\"><img loading=\"lazy\" decoding=\"async\" width=\"1500\" height=\"1063\" data-id=\"6160\" src=\"https:\/\/mooden.cz\/wp-content\/uploads\/2026\/03\/06_centralni-prostor_v1-1-1500x1063.jpg\" alt=\"\" class=\"wp-image-6160\" srcset=\"https:\/\/mooden.cz\/wp-content\/uploads\/2026\/03\/06_centralni-prostor_v1-1-1500x1063.jpg 1500w, https:\/\/mooden.cz\/wp-content\/uploads\/2026\/03\/06_centralni-prostor_v1-1-750x531.jpg 750w, https:\/\/mooden.cz\/wp-content\/uploads\/2026\/03\/06_centralni-prostor_v1-1-768x544.jpg 768w, https:\/\/mooden.cz\/wp-content\/uploads\/2026\/03\/06_centralni-prostor_v1-1-1536x1088.jpg 1536w, https:\/\/mooden.cz\/wp-content\/uploads\/2026\/03\/06_centralni-prostor_v1-1-500x354.jpg 500w, https:\/\/mooden.cz\/wp-content\/uploads\/2026\/03\/06_centralni-prostor_v1-1.jpg 1692w\" sizes=\"auto, (max-width: 1500px) 100vw, 1500px\" \/><\/figure>\n\n\n\n<figure class=\"wp-block-image size-large\"><img loading=\"lazy\" decoding=\"async\" width=\"1500\" height=\"1065\" data-id=\"6159\" src=\"https:\/\/mooden.cz\/wp-content\/uploads\/2026\/03\/06_centralni-prostor_v1_vysunuty-1-1-1500x1065.jpg\" alt=\"\" class=\"wp-image-6159\" srcset=\"https:\/\/mooden.cz\/wp-content\/uploads\/2026\/03\/06_centralni-prostor_v1_vysunuty-1-1-1500x1065.jpg 1500w, https:\/\/mooden.cz\/wp-content\/uploads\/2026\/03\/06_centralni-prostor_v1_vysunuty-1-1-750x533.jpg 750w, https:\/\/mooden.cz\/wp-content\/uploads\/2026\/03\/06_centralni-prostor_v1_vysunuty-1-1-768x545.jpg 768w, https:\/\/mooden.cz\/wp-content\/uploads\/2026\/03\/06_centralni-prostor_v1_vysunuty-1-1-1536x1091.jpg 1536w, https:\/\/mooden.cz\/wp-content\/uploads\/2026\/03\/06_centralni-prostor_v1_vysunuty-1-1-500x355.jpg 500w, https:\/\/mooden.cz\/wp-content\/uploads\/2026\/03\/06_centralni-prostor_v1_vysunuty-1-1.jpg 1683w\" sizes=\"auto, (max-width: 1500px) 100vw, 1500px\" \/><\/figure>\n<\/figure>\n\n<p class=\"wp-block-paragraph\"><em><a href=\"https:\/\/mooden.cz\/reference\/mooden-flat-na-27-m&#xB2;-se-da-zit\/\">Interi\u00e9r garsonky o velikosti 27 m\u00b2.<\/a> Projekt byl ocen\u011bn v\u00a0sout\u011b\u017ei\u00a0<a href=\"https:\/\/www.interierroku.cz\/cs\/interier\/600\/\" target=\"_blank\" rel=\"noreferrer noopener\">Interi\u00e9r roku<\/a>\u00a0za inovativn\u00ed p\u0159\u00edstup k malometr\u00e1\u017en\u00edmu bydlen\u00ed, zam\u011b\u0159en\u00fd na funk\u010dnost a individu\u00e1ln\u00ed design.<\/em><\/p>\n\n<h2 class=\"wp-block-heading\" style=\"padding-top:var(--wp--preset--spacing--50);padding-bottom:var(--wp--preset--spacing--20)\"><strong>N\u00e1bytek na m\u00edru nen\u00ed luxus, ale n\u00e1stroj<\/strong><\/h2>\n\n<p class=\"wp-block-paragraph\">V men\u0161\u00edch bytech \u010dasto nefunguj\u00ed katalogov\u00e1 \u0159e\u0161en\u00ed \u2013 standardn\u00ed rozm\u011bry jednodu\u0161e neodpov\u00eddaj\u00ed konkr\u00e9tn\u00ed dispozici ani zp\u016fsobu vyu\u017eit\u00ed prostoru. Pr\u00e1v\u011b proto n\u00e1bytek na m\u00edru nep\u0159edstavuje luxus, ale praktick\u00fd <strong>n\u00e1stroj, jak z interi\u00e9ru vyt\u011b\u017eit maximum<\/strong>. Umo\u017e\u0148uje p\u0159esn\u011b reagovat na dan\u00fd prostor, vyu\u017e\u00edt i obt\u00ed\u017en\u011b \u0159e\u0161iteln\u00e9 \u010d\u00e1sti, jako jsou rohy, niky nebo m\u00edsta pod stropem, a z\u00e1rove\u0148 propojit v\u00edce funkc\u00ed do jednoho promy\u0161len\u00e9ho prvku. <\/p>\n\n<p class=\"wp-block-paragraph\">Jedin\u00fd kus n\u00e1bytku tak m\u016f\u017ee slou\u017eit jako \u00falo\u017en\u00fd prostor, pracovn\u00ed m\u00edsto i vizu\u00e1ln\u00ed p\u0159ed\u011bl mezi jednotliv\u00fdmi z\u00f3nami. Z\u00e1rove\u0148 <strong>pom\u00e1h\u00e1 eliminovat nevyu\u017eit\u00e1 m\u00edsta<\/strong>, kter\u00e1 u b\u011b\u017en\u00e9ho n\u00e1bytku \u010dasto vznikaj\u00ed. V\u00fdsledkem nen\u00ed jen \u010dist\u0161\u00ed a jednotn\u011bj\u0161\u00ed vzhled, ale p\u0159edev\u0161\u00edm <strong>vy\u0161\u0161\u00ed funk\u010dnost a dlouhodob\u011b udr\u017eiteln\u00fd prostor<\/strong>, kter\u00fd odpov\u00edd\u00e1 re\u00e1ln\u00e9mu zp\u016fsobu \u017eivota.<\/p>\n\n<p class=\"wp-block-paragraph\"><\/p>\n\n<figure class=\"wp-block-gallery has-nested-images columns-default is-cropped wp-block-gallery-3 is-layout-flex wp-block-gallery-is-layout-flex\">\n<figure class=\"wp-block-image size-large\"><img loading=\"lazy\" decoding=\"async\" width=\"1553\" height=\"1036\" data-id=\"6162\" src=\"https:\/\/mooden.cz\/wp-content\/uploads\/2026\/03\/02_hlavni-obytny_v01-2-edited.jpg\" alt=\"\" class=\"wp-image-6162\" srcset=\"https:\/\/mooden.cz\/wp-content\/uploads\/2026\/03\/02_hlavni-obytny_v01-2-edited.jpg 1553w, https:\/\/mooden.cz\/wp-content\/uploads\/2026\/03\/02_hlavni-obytny_v01-2-edited-750x500.jpg 750w, https:\/\/mooden.cz\/wp-content\/uploads\/2026\/03\/02_hlavni-obytny_v01-2-edited-1500x1001.jpg 1500w, https:\/\/mooden.cz\/wp-content\/uploads\/2026\/03\/02_hlavni-obytny_v01-2-edited-768x512.jpg 768w, https:\/\/mooden.cz\/wp-content\/uploads\/2026\/03\/02_hlavni-obytny_v01-2-edited-1536x1025.jpg 1536w, https:\/\/mooden.cz\/wp-content\/uploads\/2026\/03\/02_hlavni-obytny_v01-2-edited-500x334.jpg 500w\" sizes=\"auto, (max-width: 1553px) 100vw, 1553px\" \/><\/figure>\n<\/figure>\n\n<p class=\"wp-block-paragraph\"><em>N\u00e1vrh interi\u00e9ru garsonky o velikosti 23 m\u00b2. Tento prostor nab\u00edz\u00ed spoustu \u00falo\u017en\u00fdch m\u00edst, kreativn\u00ed dispozi\u010dn\u00ed \u0159e\u0161en\u00ed a designov\u00fd aspekt. <a href=\"https:\/\/mooden.cz\/reference\/maly-byt-garsonka-23-metru-ctverecnich\/\" data-type=\"link\" data-id=\"https:\/\/mooden.cz\/reference\/maly-byt-garsonka-23-metru-ctverecnich\/\">Nahl\u00e9dn\u011bte do v\u0161ech m\u00edstnost\u00ed. <\/a><\/em><\/p>\n\n<h2 class=\"wp-block-heading\" style=\"padding-top:var(--wp--preset--spacing--50);padding-bottom:var(--wp--preset--spacing--20)\"><strong>Kdy\u017e m\u00e9n\u011b je v\u00edce<\/strong><\/h2>\n\n<p class=\"wp-block-paragraph\">Mal\u00fd byt p\u0159irozen\u011b nut\u00ed k rozhodov\u00e1n\u00ed \u2013 <strong>co v prostoru skute\u010dn\u011b pot\u0159ebujete a co u\u017e ne<\/strong>. Nejde ale o minimalismus za ka\u017edou cenu, ale o v\u011bdom\u00fd v\u00fdb\u011br. Ka\u017ed\u00fd prvek by m\u011bl m\u00edt svou jasnou funkci, sv\u00e9 konkr\u00e9tn\u00ed m\u00edsto a d\u016fvod, pro\u010d v interi\u00e9ru existuje. Pr\u00e1v\u011b tato <strong>selekce pom\u00e1h\u00e1 eliminovat vizu\u00e1ln\u00ed chaos<\/strong> a vytv\u00e1\u0159\u00ed prost\u0159ed\u00ed, kter\u00e9 p\u016fsob\u00ed klidn\u011bji a p\u0159ehledn\u011bji. V\u00fdsledkem nen\u00ed jen esteti\u010dt\u011bj\u0161\u00ed prostor, ale tak\u00e9 interi\u00e9r, kter\u00fd se l\u00e9pe pou\u017e\u00edv\u00e1 a ve kter\u00e9m se p\u0159irozen\u011bji \u017eije. Paradoxn\u011b tak m\u016f\u017ee i men\u0161\u00ed byt p\u016fsobit vzdu\u0161n\u011bji a ve v\u00fdsledku v\u011bt\u0161\u00ed, ne\u017e ve skute\u010dnosti je.<\/p>\n\n<figure class=\"wp-block-gallery has-nested-images columns-default is-cropped wp-block-gallery-4 is-layout-flex wp-block-gallery-is-layout-flex\">\n<figure class=\"wp-block-image size-large\"><img loading=\"lazy\" decoding=\"async\" width=\"1500\" height=\"938\" data-id=\"6163\" src=\"https:\/\/mooden.cz\/wp-content\/uploads\/2026\/03\/01_byt05_3NP_v01-1500x938.jpg\" alt=\"\" class=\"wp-image-6163\" srcset=\"https:\/\/mooden.cz\/wp-content\/uploads\/2026\/03\/01_byt05_3NP_v01-1500x938.jpg 1500w, https:\/\/mooden.cz\/wp-content\/uploads\/2026\/03\/01_byt05_3NP_v01-750x469.jpg 750w, https:\/\/mooden.cz\/wp-content\/uploads\/2026\/03\/01_byt05_3NP_v01-768x480.jpg 768w, https:\/\/mooden.cz\/wp-content\/uploads\/2026\/03\/01_byt05_3NP_v01-1536x961.jpg 1536w, https:\/\/mooden.cz\/wp-content\/uploads\/2026\/03\/01_byt05_3NP_v01-500x313.jpg 500w, https:\/\/mooden.cz\/wp-content\/uploads\/2026\/03\/01_byt05_3NP_v01.jpg 1914w\" sizes=\"auto, (max-width: 1500px) 100vw, 1500px\" \/><\/figure>\n\n\n\n<figure class=\"wp-block-image size-large\"><img loading=\"lazy\" decoding=\"async\" width=\"1500\" height=\"938\" data-id=\"6164\" src=\"https:\/\/mooden.cz\/wp-content\/uploads\/2026\/03\/12_byt05_3NPotevreny_v02-1500x938.jpg\" alt=\"\" class=\"wp-image-6164\" srcset=\"https:\/\/mooden.cz\/wp-content\/uploads\/2026\/03\/12_byt05_3NPotevreny_v02-1500x938.jpg 1500w, https:\/\/mooden.cz\/wp-content\/uploads\/2026\/03\/12_byt05_3NPotevreny_v02-750x469.jpg 750w, https:\/\/mooden.cz\/wp-content\/uploads\/2026\/03\/12_byt05_3NPotevreny_v02-768x480.jpg 768w, https:\/\/mooden.cz\/wp-content\/uploads\/2026\/03\/12_byt05_3NPotevreny_v02-1536x961.jpg 1536w, https:\/\/mooden.cz\/wp-content\/uploads\/2026\/03\/12_byt05_3NPotevreny_v02-500x313.jpg 500w, https:\/\/mooden.cz\/wp-content\/uploads\/2026\/03\/12_byt05_3NPotevreny_v02.jpg 1653w\" sizes=\"auto, (max-width: 1500px) 100vw, 1500px\" \/><\/figure>\n<\/figure>\n\n<p class=\"wp-block-paragraph\"><em>Malometr\u00e1\u017en\u00ed byty Plazza pro developersk\u00fd projekt. <a href=\"https:\/\/mooden.cz\/reference\/byty-plazza\/\" data-type=\"link\" data-id=\"https:\/\/mooden.cz\/reference\/byty-plazza\/\">Pod\u00edvejte se na kompletn\u00ed n\u00e1vrh. <\/a><\/em><\/p>\n\n<h2 class=\"wp-block-heading\">Sv\u011btlo a materi\u00e1ly, kter\u00e9 zv\u011bt\u0161uj\u00ed prostor<\/h2>\n\n<p class=\"wp-block-paragraph\">Pocit z prostoru nen\u00ed d\u00e1n jen jeho velikost\u00ed, ale i t\u00edm, jak s n\u00edm pracujeme vizu\u00e1ln\u011b. V men\u0161\u00edch bytech proto hraje kl\u00ed\u010dovou roli <strong>sv\u011btlo a volba materi\u00e1l\u016f, kter\u00e9 dok\u00e1\u017eou prostor opticky otev\u0159\u00edt <\/strong>a odleh\u010dit. Osv\u011bd\u010duje se pracovat se sv\u011btl\u00fdmi t\u00f3ny jako z\u00e1kladn\u00ed vrstvou, kterou lze doplnit o jeden v\u00fdrazn\u011bj\u0161\u00ed akcent, jen\u017e dod\u00e1 interi\u00e9ru charakter, ani\u017e by ho zat\u00ed\u017eil. <\/p>\n\n<p class=\"wp-block-paragraph\">Z\u00e1sadn\u00ed je tak\u00e9 <strong>maxim\u00e1ln\u00ed vyu\u017eit\u00ed p\u0159irozen\u00e9ho sv\u011btla<\/strong> a jeho podpora v interi\u00e9ru \u2013 nap\u0159\u00edklad vhodn\u00fdm rozm\u00edst\u011bn\u00edm n\u00e1bytku nebo volbou materi\u00e1l\u016f, kter\u00e9 sv\u011btlo odr\u00e1\u017eej\u00ed. D\u016fle\u017eitou roli hraje i vrstven\u00ed materi\u00e1l\u016f, kter\u00e9 prostoru dod\u00e1v\u00e1 hloubku a vizu\u00e1ln\u00ed zaj\u00edmavost, ani\u017e by p\u016fsobil t\u011b\u017ece nebo p\u0159epln\u011bn\u011b.<\/p>\n\n<figure class=\"wp-block-gallery has-nested-images columns-default is-cropped wp-block-gallery-5 is-layout-flex wp-block-gallery-is-layout-flex\">\n<figure class=\"wp-block-image size-large\"><img loading=\"lazy\" decoding=\"async\" width=\"1500\" height=\"934\" data-id=\"6166\" src=\"https:\/\/mooden.cz\/wp-content\/uploads\/2026\/03\/vizualizace-obyvaku-1500x934.jpg\" alt=\"\" class=\"wp-image-6166\" srcset=\"https:\/\/mooden.cz\/wp-content\/uploads\/2026\/03\/vizualizace-obyvaku-1500x934.jpg 1500w, https:\/\/mooden.cz\/wp-content\/uploads\/2026\/03\/vizualizace-obyvaku-750x467.jpg 750w, https:\/\/mooden.cz\/wp-content\/uploads\/2026\/03\/vizualizace-obyvaku-768x478.jpg 768w, https:\/\/mooden.cz\/wp-content\/uploads\/2026\/03\/vizualizace-obyvaku-1536x957.jpg 1536w, https:\/\/mooden.cz\/wp-content\/uploads\/2026\/03\/vizualizace-obyvaku-500x311.jpg 500w, https:\/\/mooden.cz\/wp-content\/uploads\/2026\/03\/vizualizace-obyvaku.jpg 1915w\" sizes=\"auto, (max-width: 1500px) 100vw, 1500px\" \/><\/figure>\n<\/figure>\n\n<p class=\"wp-block-paragraph\"><em><a href=\"https:\/\/mooden.cz\/reference\/mini-byt\/\">Mal\u00fd byt v Praze<\/a> nab\u00edz\u00ed na rozloze 29 m\u00b2 velkoryse uspo\u0159\u00e1dan\u00fd prostor pro p\u011bkn\u00fd \u017eivot. Sou\u010d\u00e1st\u00ed n\u00e1vrhu je velk\u00e1 \u0161atn\u00ed sk\u0159\u00ed\u0148, ale i zabudovan\u00fd pel\u00ed\u0161ek pro dv\u011b ko\u010di\u010dky. <\/em><\/p>\n\n<h2 class=\"wp-block-heading\">Mal\u00fd byt jako promy\u0161len\u00fd celek<\/h2>\n\n<p class=\"wp-block-paragraph\">Nejv\u011bt\u0161\u00ed rozd\u00edl mezi b\u011b\u017en\u00fdm a kvalitn\u00edm n\u00e1vrhem mal\u00e9ho bytu nespo\u010d\u00edv\u00e1 v jednotliv\u00fdch prvc\u00edch, ale v celkov\u00e9m p\u0159\u00edstupu. Nejde o to vybrat spr\u00e1vn\u00fd n\u00e1bytek, ale o to, jak spolu v\u0161echny \u010d\u00e1sti interi\u00e9ru funguj\u00ed jako celek. <\/p>\n\n<p class=\"wp-block-paragraph\">Ka\u017ed\u00fd prvek by m\u011bl navazovat na druh\u00fd, <strong>ka\u017ed\u00e9 rozhodnut\u00ed by m\u011blo m\u00edt sv\u016fj jasn\u00fd d\u016fvod<\/strong> a cel\u00fd prostor by m\u011bl fungovat jako propojen\u00fd syst\u00e9m. Pr\u00e1v\u011b <strong>tato prov\u00e1zanost d\u00e1v\u00e1 interi\u00e9ru logiku, klid a dlouhodobou funk\u010dnost<\/strong>. D\u00edky tomu m\u016f\u017ee mal\u00fd byt fungovat p\u0159ekvapiv\u011b dob\u0159e \u2013 \u010dasto l\u00e9pe ne\u017e v\u011bt\u0161\u00ed prostor, kter\u00fd postr\u00e1d\u00e1 jasnou koncepci.<\/p>\n\n<p class=\"wp-block-paragraph\"><\/p>\n\n<figure class=\"wp-block-gallery has-nested-images columns-default is-cropped wp-block-gallery-6 is-layout-flex wp-block-gallery-is-layout-flex\">\n<figure class=\"wp-block-image size-large\"><img loading=\"lazy\" decoding=\"async\" width=\"1500\" height=\"1057\" data-id=\"6165\" src=\"https:\/\/mooden.cz\/wp-content\/uploads\/2026\/03\/11_centralni-prostor_v2-1-1500x1057.jpg\" alt=\"\" class=\"wp-image-6165\" srcset=\"https:\/\/mooden.cz\/wp-content\/uploads\/2026\/03\/11_centralni-prostor_v2-1-1500x1057.jpg 1500w, https:\/\/mooden.cz\/wp-content\/uploads\/2026\/03\/11_centralni-prostor_v2-1-750x529.jpg 750w, https:\/\/mooden.cz\/wp-content\/uploads\/2026\/03\/11_centralni-prostor_v2-1-768x541.jpg 768w, https:\/\/mooden.cz\/wp-content\/uploads\/2026\/03\/11_centralni-prostor_v2-1-1536x1083.jpg 1536w, https:\/\/mooden.cz\/wp-content\/uploads\/2026\/03\/11_centralni-prostor_v2-1-500x352.jpg 500w, https:\/\/mooden.cz\/wp-content\/uploads\/2026\/03\/11_centralni-prostor_v2-1.jpg 1701w\" sizes=\"auto, (max-width: 1500px) 100vw, 1500px\" \/><\/figure>\n<\/figure>\n\n<div style=\"height:33px\" aria-hidden=\"true\" class=\"wp-block-spacer\"><\/div>\n\n<p class=\"has-text-align-center\" class=\"wp-block-paragraph\"><strong>\u0158e\u0161\u00edte mal\u00fd byt nebo omezen\u00fd prostor?<\/strong><br\/>Pom\u016f\u017eeme v\u00e1m navrhnout interi\u00e9r, kter\u00fd vyu\u017eije ka\u017ed\u00fd centimetr a bude dlouhodob\u011b fungovat. <br\/>Ozv\u011bte se n\u00e1m a poj\u010fme spole\u010dn\u011b naj\u00edt \u0159e\u0161en\u00ed, kter\u00e9 d\u00e1v\u00e1 smysl.<\/p>\n\n<div class=\"wp-block-buttons is-content-justification-center is-layout-flex wp-container-core-buttons-is-layout-a89b3969 wp-block-buttons-is-layout-flex\">\n<div class=\"wp-block-button is-style-outline is-style-outline--7\"><a class=\"wp-block-button__link wp-element-button\" href=\"https:\/\/mooden.cz\/poptavkovy-formular\/\">Contact Us<\/a><\/div>\n<\/div>\n","protected":false},"excerpt":{"rendered":"<p>Mal\u00fd byt b\u00fdv\u00e1 \u010dasto vn\u00edman\u00fd jako omezen\u00ed. M\u00e9n\u011b prostoru, m\u00e9n\u011b mo\u017enost\u00ed, v\u00edce kompromis\u016f. Ve skute\u010dnosti je to ale p\u0159esn\u011b naopak. \u010c\u00edm men\u0161\u00ed prostor, t\u00edm v\u011bt\u0161\u00ed n\u00e1roky na kvalitu&#8230;<\/p>\n","protected":false},"author":5,"featured_media":6395,"comment_status":"closed","ping_status":"closed","sticky":false,"template":"","format":"standard","meta":{"_acf_changed":false,"inline_featured_image":false,"footnotes":""},"categories":[22],"tags":[],"class_list":["post-6369","post","type-post","status-publish","format-standard","has-post-thumbnail","hentry","category-uncategorized"],"acf":[],"_links":{"self":[{"href":"https:\/\/mooden.cz\/en\/wp-json\/wp\/v2\/posts\/6369","targetHints":{"allow":["GET"]}}],"collection":[{"href":"https:\/\/mooden.cz\/en\/wp-json\/wp\/v2\/posts"}],"about":[{"href":"https:\/\/mooden.cz\/en\/wp-json\/wp\/v2\/types\/post"}],"author":[{"embeddable":true,"href":"https:\/\/mooden.cz\/en\/wp-json\/wp\/v2\/users\/5"}],"replies":[{"embeddable":true,"href":"https:\/\/mooden.cz\/en\/wp-json\/wp\/v2\/comments?post=6369"}],"version-history":[{"count":1,"href":"https:\/\/mooden.cz\/en\/wp-json\/wp\/v2\/posts\/6369\/revisions"}],"predecessor-version":[{"id":6370,"href":"https:\/\/mooden.cz\/en\/wp-json\/wp\/v2\/posts\/6369\/revisions\/6370"}],"wp:featuredmedia":[{"embeddable":true,"href":"https:\/\/mooden.cz\/en\/wp-json\/wp\/v2\/media\/6395"}],"wp:attachment":[{"href":"https:\/\/mooden.cz\/en\/wp-json\/wp\/v2\/media?parent=6369"}],"wp:term":[{"taxonomy":"category","embeddable":true,"href":"https:\/\/mooden.cz\/en\/wp-json\/wp\/v2\/categories?post=6369"},{"taxonomy":"post_tag","embeddable":true,"href":"https:\/\/mooden.cz\/en\/wp-json\/wp\/v2\/tags?post=6369"}],"curies":[{"name":"wp","href":"https:\/\/api.w.org\/{rel}","templated":true}]}}